{"id":1,"date":"2023-02-07T14:20:56","date_gmt":"2023-02-07T14:20:56","guid":{"rendered":"https:\/\/dfarkasart.hu\/?p=1"},"modified":"2023-03-09T10:10:12","modified_gmt":"2023-03-09T10:10:12","slug":"hello-world","status":"publish","type":"post","link":"https:\/\/dfarkasart.hu\/?p=1","title":{"rendered":"Welcome to my site \/ \u00dcdvd\u00f6zl\u00f6m az oldalamon!"},"content":{"rendered":"\n<p>Magamr\u00f3l<\/p>\n\n\n\n<p>1976-ban sz\u00fclettem Budapesten. A rajz ir\u00e1nti \u00e9rdekl\u0151d\u00e9sem m\u00e1r kor\u00e1n megmutatkozott, \u00e9desany\u00e1m grafik\u00e1i k\u00f6z\u00f6tt n\u0151ttem fel.Az \u00e1ltal\u00e1nos iskolai rajzversenyeken, p\u00e1ly\u00e1zatokon val\u00f3 r\u00e9szv\u00e9tel v\u00e9g\u00fcl a K\u00e9pz\u0151 \u00e9s Iparm\u0171v\u00e9szeti Szakk\u00f6z\u00e9piskol\u00e1ba vezettek.A Kisk\u00e9pz\u0151ben grafika szakon v\u00e9geztem, Gacs G\u00e1bor ir\u00e1ny\u00edt\u00e1sa mellett kapott m\u0171v\u00e9szeti k\u00e9pz\u00e9s egy \u00e9letre sz\u00f3l\u00f3 alkot\u00f3i k\u00e9sztet\u00e9st adott.A K\u00e9pz\u0151m\u0171v\u00e9szeti Egyetemen diplom\u00e1ztam 2002-ben.2004-t\u0151l a MAOE tagja vagyok.K\u00e9t fali napt\u00e1ram jelent meg, 2002-ben \u201eAz \u00c9v Madarai\u201d majd 2004-ben a \u201eLovak\u201dK\u00e9peimen m\u0171v\u00e9szet \u00e9s val\u00f3s\u00e1g szeretete \u2013 \u00fagy \u00e9rzem egy\u00fctt pr\u00f3b\u00e1l \u00e9lni \u00e9s csak egy\u00fctt \u00e9lhet.<\/p>\n\n\n\n<p>About myself<\/p>\n\n\n\n<p>I was born in 1976 in Budapest. The interest for drawing showed from an early age, I grew up, between my mother graphics.Primary school drawing competitions, participation in invitations to tender, it finally was introduced to Fine and Applied Arts Secondary School.I graduated in Graphic Arts specialization of Kisk\u00e9pz\u0151, where Gabor Gacs received art training under the direction of a lifetime of creative impulse.I graduated from the University of Fine Arts in 2002. BudapestI am a member of the MAOE since 2004.Two wall calendar is updated, Birds of the Year &#8222;in 2002 and in 2004, the&#8221; Horses &#8222;On my works, art and reality love &#8211; I feel like trying to live together and\u00a0 can live only together<\/p>\n","protected":false},"excerpt":{"rendered":"<p>Magamr\u00f3l 1976-ban sz\u00fclettem Budapesten. A rajz ir\u00e1nti \u00e9rdekl\u0151d\u00e9sem m\u00e1r kor\u00e1n megmutatkozott, \u00e9desany\u00e1m grafik\u00e1i k\u00f6z\u00f6tt n\u0151ttem fel.Az \u00e1ltal\u00e1nos iskolai rajzversenyeken, p\u00e1ly\u00e1zatokon val\u00f3 r\u00e9szv\u00e9tel v\u00e9g\u00fcl a K\u00e9pz\u0151 \u00e9s Iparm\u0171v\u00e9szeti Szakk\u00f6z\u00e9piskol\u00e1ba vezettek.A Kisk\u00e9pz\u0151ben grafika szakon v\u00e9geztem, Gacs G\u00e1bor ir\u00e1ny\u00edt\u00e1sa mellett kapott m\u0171v\u00e9szeti k\u00e9pz\u00e9s egy \u00e9letre sz\u00f3l\u00f3 alkot\u00f3i k\u00e9sztet\u00e9st adott.A K\u00e9pz\u0151m\u0171v\u00e9szeti Egyetemen diplom\u00e1ztam 2002-ben.2004-t\u0151l a MAOE tagja vagyok.K\u00e9t fali &hellip; <\/p>\n<p class=\"link-more\"><a href=\"https:\/\/dfarkasart.hu\/?p=1\" class=\"more-link\"><span class=\"screen-reader-text\">&#8222;Welcome to my site \/ \u00dcdvd\u00f6zl\u00f6m az oldalamon!&#8221;<\/span> b\u0151vebben<\/a><\/p>\n","protected":false},"author":1,"featured_media":0,"comment_status":"open","ping_status":"open","sticky":false,"template":"","format":"standard","meta":{"footnotes":""},"categories":[1],"tags":[],"class_list":["post-1","post","type-post","status-publish","format-standard","hentry","category-uncategorized"],"_links":{"self":[{"href":"https:\/\/dfarkasart.hu\/index.php?rest_route=\/wp\/v2\/posts\/1","targetHints":{"allow":["GET"]}}],"collection":[{"href":"https:\/\/dfarkasart.hu\/index.php?rest_route=\/wp\/v2\/posts"}],"about":[{"href":"https:\/\/dfarkasart.hu\/index.php?rest_route=\/wp\/v2\/types\/post"}],"author":[{"embeddable":true,"href":"https:\/\/dfarkasart.hu\/index.php?rest_route=\/wp\/v2\/users\/1"}],"replies":[{"embeddable":true,"href":"https:\/\/dfarkasart.hu\/index.php?rest_route=%2Fwp%2Fv2%2Fcomments&post=1"}],"version-history":[{"count":2,"href":"https:\/\/dfarkasart.hu\/index.php?rest_route=\/wp\/v2\/posts\/1\/revisions"}],"predecessor-version":[{"id":43,"href":"https:\/\/dfarkasart.hu\/index.php?rest_route=\/wp\/v2\/posts\/1\/revisions\/43"}],"wp:attachment":[{"href":"https:\/\/dfarkasart.hu\/index.php?rest_route=%2Fwp%2Fv2%2Fmedia&parent=1"}],"wp:term":[{"taxonomy":"category","embeddable":true,"href":"https:\/\/dfarkasart.hu\/index.php?rest_route=%2Fwp%2Fv2%2Fcategories&post=1"},{"taxonomy":"post_tag","embeddable":true,"href":"https:\/\/dfarkasart.hu\/index.php?rest_route=%2Fwp%2Fv2%2Ftags&post=1"}],"curies":[{"name":"wp","href":"https:\/\/api.w.org\/{rel}","templated":true}]}}